{"id":1810,"date":"2019-12-05T08:58:22","date_gmt":"2019-12-05T07:58:22","guid":{"rendered":"https:\/\/my-fitness.blog\/?p=1810"},"modified":"2019-12-05T08:58:22","modified_gmt":"2019-12-05T07:58:22","slug":"mit-sport-abnehmen-geht-das-ueberhaupt","status":"publish","type":"post","link":"https:\/\/ploetner.fit\/de\/2019\/12\/05\/mit-sport-abnehmen-geht-das-ueberhaupt\/","title":{"rendered":"Mit Sport abnehmen &#8211; geht das \u00fcberhaupt?"},"content":{"rendered":"\n<p class=\"wp-block-paragraph\">Das Thema entwickelt sich gerade zum Dauerbrenner bei Parties mit der Familie oder bei Treffen mit Freunden.  Das Interesse nimmt auch deshalb stetig zu, weil es bei vielen vor allem ein altersbedingtes Ph\u00e4nomen ist. Manch einer nimmt \u00fcber einen l\u00e4ngeren Zeitraum hier und da ein paar Pfunde zu und wird sie nicht mehr los. Immer wieder h\u00f6re ich auch: &#8222;Ich esse weniger als fr\u00fcher, nehme aber trotzdem weiterhin zu!&#8220;. Und kurz bevor wir wieder bei den guten Vors\u00e4tzen f\u00fcrs n\u00e4chste Jahr sind: Kann man mit Sport abnehmen? Geht das \u00fcberhaupt?<\/p>\n\n\n\n<!--more-->\n\n\n\n<p class=\"wp-block-paragraph\">Normalerweise versuche ich, mich bei den sporadisch aufkommenden Diskussionen zum Thema &#8222;Abnehmen&#8220; in meinem Bekanntenkreis herauszuhalten. <a href=\"https:\/\/my-fitness.blog\/blog\/foodlog\/ernaehrung-meine-ansichten-polarisieren\/\">Meine Ansichten polarisieren<\/a> n\u00e4mlich sehr oft, weil ich eine etwas extremere Form des intermittierenden Fastens betreibe. Das bricht einerseits die Glaubenss\u00e4tze einiger meiner Mitmenschen, ich hingegen verzichte andererseits sehr gern darauf, dass jemand seine und meine freie Zeit mit unn\u00f6tiger \u00dcberzeugungsarbeit vergeudet.<\/p>\n\n\n\n<h2 class=\"wp-block-heading\" id=\"kalorienaufnahme-vs-kalorienverbrauch\">Kalorienaufnahme vs. Kalorienverbrauch<\/h2>\n\n\n\n<blockquote class=\"wp-block-quote is-layout-flow wp-block-quote-is-layout-flow\"><p>Obwohl ich nur einmal am Tag esse, schaffe ich es, meinem K\u00f6rper die Energiemenge bereitzustellen, die notwendig ist, um mein Gewicht zu halten. <\/p><\/blockquote>\n\n\n\n<p class=\"wp-block-paragraph\">Lass uns mal diese Aussage im Kopf behalten und ein paar Zahlen hinzuf\u00fcgen. So soll ich &#8211; 1,70 cm, 70 kg, B\u00fcrojob, 5 mal die Woche Training &#8211; <strong>1974 kcal<\/strong> ben\u00f6tigen. Die Zahl setzt sich aus dem Grundumsatz und dem zus\u00e4tzlichen Leistungsumsatz zusammen. Ich verlinke unten auch den &#8211; f\u00fcr das Beispiel verwendeten &#8211; Kalorienrechner <sup><a id=\"ref1\" href=\"#fn1\">[1]<\/a><\/sup>, damit die folgenden Gedankeng\u00e4nge nachvollziehbar bleiben.<\/p>\n\n\n\n<p class=\"wp-block-paragraph\">Was muss man sich unter diesem Wert eigentlich vorstellen? Und wie sehen solche Mahlzeiten mit einem Brennwert von knapp <strong>2000 kcal<\/strong> \u00fcberhaupt aus? Die \u00dcberraschung, dass eine <strong>Pizza<\/strong> bereits den soeben errechneten Energiebedarf f\u00fcr einen Tag deckt, ist eventuell eine sehr schlechte Nachricht f\u00fcr den einen oder anderen. <sup><a id=\"ref2\" href=\"#fn2\">[2]<\/a><\/sup><\/p>\n\n\n\n<h2 class=\"wp-block-heading\" id=\"das-problem-mit-der-vereinfachung\">Das Problem mit der Vereinfachung<\/h2>\n\n\n\n<p class=\"wp-block-paragraph\">Um das ganze in Relation zu sportlichen Aktivit\u00e4ten zu setzen, kann man beispielsweise <strong>Tabellen benutzen<\/strong> <sup><a id=\"ref3\" href=\"#fn3\">[3]<\/a><\/sup>, um herauszufinden, wie viele Minuten einer bestimmten T\u00e4tigkeit notwendig sind, um beispielsweise 100 kcal zu verbrennen. Um einen g\u00e4ngigen <strong>M\u00fcsliriegel<\/strong> mit zirka <strong>400 kcal<\/strong> &#8222;abzulaufen&#8220; muss ich demnach <strong>50 Minuten joggen<\/strong> gehen.<\/p>\n\n\n\n<p class=\"wp-block-paragraph\"><em>Kein gutes Gesch\u00e4ft, finde ich!<\/em><\/p>\n\n\n\n<p class=\"wp-block-paragraph\">Diese ganze Kalorienrechnerei hat sowieso einen gro\u00dfen Haken: <strong>Kalorie ist nicht gleich Kalorie.<\/strong> So verbraucht der K\u00f6rper bei Proteinen wenigstens 20 Prozent durch Termogenese <sup><a id=\"ref4\" href=\"#fn4\">[4]<\/a><\/sup>. Proteine und Kohlenhydrate (4 kcal pro g) haben zwar einen geringeren Brennwert als Fett (9 kcal pro g) <sup><a id=\"ref5\" href=\"#fn5\">[5]<\/a><\/sup>, allerdings spielen bestimmte Kohlenhydrate <sup><a id=\"ref6\" href=\"#fn6\">[6]<\/a><\/sup> scheinbar eine tragendere Rolle als allgemein angenommen wird.<\/p>\n\n\n\n<p class=\"wp-block-paragraph\">Setzt man sich mit dem Thema tiefgehender auseinander, wird klar, dass man es beim Modell &#8222;Kalorienaufnahme &#8211; Kalorienverbrauch&#8220; bestenfalls mit einer groben Vereinfachung zu tun hat, bei der die hormonellen Vorg\u00e4nge des K\u00f6rpers einfach unber\u00fccksichtigt bleiben. <\/p>\n\n\n\n<blockquote class=\"wp-block-quote is-layout-flow wp-block-quote-is-layout-flow\"><p>Statt sich den Folgen einer Crashdi\u00e4et mit stark reduzierter Energiebilanz auszuliefern, bietet es sich meiner Meinung nach an, dass wir zuerst unseren Zuckerkonsum kritisch beurteilen, um diesem dann gegebenenfalls schrittweise zu senken.<\/p><\/blockquote>\n\n\n\n<h2 class=\"wp-block-heading\" id=\"sport-ist-trotzdem-wichtig\">Sport ist trotzdem wichtig<\/h2>\n\n\n\n<p class=\"wp-block-paragraph\">Mit Sport kann man also nur ein vergleichsweise geringes Kaloriendefizit herstellen, dass dann wieder zur Reduzierung der Fettp\u00f6lsterchen f\u00fchren soll. Wer gerade erst (wieder) mit sportlichen Aktivit\u00e4ten beginnt, wird vielleicht feststellen, dass der Hunger viel gr\u00f6sser ist als normal. Das kann am Anfang leicht zu Frustrationen f\u00fchren. <\/p>\n\n\n\n<blockquote class=\"wp-block-quote is-layout-flow wp-block-quote-is-layout-flow\"><p>Ich wei\u00df aus eigener Erfahrung nur zu genau, dass das Ausbleiben von Ergebnissen dann sehr schnell zu Fehlinterpretationen und schlie\u00dflich zu Entt\u00e4uschungen f\u00fchrt.<\/p><\/blockquote>\n\n\n\n<p class=\"wp-block-paragraph\">Zudem ist es meist nicht zielf\u00fchrend, in Extreme zu verfallen. Viel hilft nicht viel, sondern ist auf Dauer ein fast sicherer Weg ins \u00dcbertraining und oft auch daraus resultierende Sportverletzungen. Sollte man das Thema &#8222;mit Sport abnehmen&#8220; nun ganz vergessen?<\/p>\n\n\n\n<p class=\"wp-block-paragraph\">Der Erfolg h\u00e4ngt in erster Linie davon ab, wie ausgeglichen Bewegung, <a href=\"https:\/\/my-fitness.blog\/blog\/fitlog\/welche-rolle-spielt-die-erholung\/\">Erholung<\/a> und Ern\u00e4hrung zueinander sind. Die Ern\u00e4hrung hat wohl die gr\u00f6ssten Auswirkungen, wenn es ums K\u00f6rpergewicht geht. Sport und Erholung helfen jedoch dabei, dass Wohlbefinden zu steigen und den Hormonhaushalt auszubalancieren. <sup><a id=\"ref7\" href=\"#fn7\">[7]<\/a><\/sup><\/p>\n\n\n\n<hr class=\"wp-block-separator\" \/>\n\n\n\n<ul class=\"wp-block-list\"><li><sup id=\"fn1\">[1]<\/sup> <a href=\"https:\/\/www.foodspring.de\/kalorienrechner\">https:\/\/www.foodspring.de\/kalorienrechner<\/a><\/li><li><sup id=\"fn2\">[2]<\/sup> <a href=\"https:\/\/www.woman.at\/a\/2000-kalorien-aussehen\">https:\/\/www.woman.at\/a\/2000-kalorien-aussehen<\/a><\/li><li><sup id=\"fn3\">[3]<\/sup> <a href=\"https:\/\/www.gesund.at\/ernaehrung\/100-kalorien-verbrennen\/\">https:\/\/www.gesund.at\/ernaehrung\/100-kalorien-verbrennen\/<\/a><\/li><li><sup id=\"fn4\">[4]<\/sup> <a href=\"https:\/\/blog.fitnessfirst.de\/fatburner\/\">https:\/\/blog.fitnessfirst.de\/fatburner\/<\/a><\/li><li><sup id=\"fn5\">[5]<\/sup> <a href=\"https:\/\/www.drpabel.de\/Wissen\/Ernahrung\/Grundlagen\">https:\/\/www.drpabel.de\/Wissen\/Ernahrung\/Grundlagen<\/a><\/li><li><sup id=\"fn6\">[6]<\/sup> <a href=\"https:\/\/www.freeletics.com\/de\/blog\/posts\/kohlenhydrate-blutzucker-und-insulin-wie-hangt-das-zusammen\/\">https:\/\/www.freeletics.com\/de\/blog\/posts\/kohlenhydrate-blutzucker-und-insulin-wie-hangt-das-zusammen\/<\/a><\/li><li><sup>[7]<\/sup> <a href=\"https:\/\/www.functional-basics.de\/hormone-ausbalancieren\">https:\/\/www.functional-basics.de\/hormone-ausbalancieren<\/a><\/li><\/ul>\n","protected":false},"excerpt":{"rendered":"<p>Das Thema entwickelt sich gerade zum Dauerbrenner bei Parties mit der Familie oder bei Treffen mit Freunden. Das Interesse nimmt auch deshalb stetig zu, weil es bei vielen vor allem ein altersbedingtes Ph\u00e4nomen ist. Manch einer nimmt \u00fcber einen l\u00e4ngeren Zeitraum hier und da ein paar Pfunde zu und wird sie nicht mehr los. Immer &hellip; <a href=\"https:\/\/ploetner.fit\/de\/2019\/12\/05\/mit-sport-abnehmen-geht-das-ueberhaupt\/\" class=\"more-link\"><span class=\"screen-reader-text\">\u201eMit Sport abnehmen &#8211; geht das \u00fcberhaupt?\u201c <\/span>weiterlesen<\/a><\/p>\n","protected":false},"author":2,"featured_media":1825,"comment_status":"closed","ping_status":"closed","sticky":false,"template":"","format":"standard","meta":{"footnotes":""},"categories":[10],"tags":[13,37,38,88],"class_list":["post-1810","post","type-post","status-publish","format-standard","has-post-thumbnail","hentry","category-fitlog","tag-abnehmen","tag-erholung","tag-ernaehrung","tag-sport"],"yoast_head":"<!-- This site is optimized with the Yoast SEO plugin v28.4 - https:\/\/yoast.com\/product\/yoast-seo-wordpress\/ -->\n<title>Mit Sport abnehmen - geht das \u00fcberhaupt? - Ploetner Fitness<\/title>\n<meta name=\"description\" content=\"&quot;Ich esse weniger als fr\u00fcher, nehme aber trotzdem weiterhin zu!&quot;. Kurz vor den guten Vors\u00e4tzen f\u00fcr das neue Jahr: Kann man mit Sport \u00fcberhaupt abnehmen?\" \/>\n<meta name=\"robots\" content=\"index, follow, max-snippet:-1, max-image-preview:large, max-video-preview:-1\" \/>\n<link rel=\"canonical\" href=\"https:\/\/ploetner.fit\/de\/2019\/12\/05\/mit-sport-abnehmen-geht-das-ueberhaupt\/\" \/>\n<meta property=\"og:locale\" content=\"de_DE\" \/>\n<meta property=\"og:type\" content=\"article\" \/>\n<meta property=\"og:title\" content=\"Mit Sport abnehmen - geht das \u00fcberhaupt? - Ploetner Fitness\" \/>\n<meta property=\"og:description\" content=\"&quot;Ich esse weniger als fr\u00fcher, nehme aber trotzdem weiterhin zu!&quot;. Kurz vor den guten Vors\u00e4tzen f\u00fcr das neue Jahr: Kann man mit Sport \u00fcberhaupt abnehmen?\" \/>\n<meta property=\"og:url\" content=\"https:\/\/ploetner.fit\/de\/2019\/12\/05\/mit-sport-abnehmen-geht-das-ueberhaupt\/\" \/>\n<meta property=\"og:site_name\" content=\"Ploetner Fitness\" \/>\n<meta property=\"article:published_time\" content=\"2019-12-05T07:58:22+00:00\" \/>\n<meta property=\"og:image\" content=\"https:\/\/ploetner.fit\/de\/wp-content\/uploads\/sites\/14\/sites\/15\/2019\/12\/Weight-Loss-And-Physical-Activity-Concept-From-Weight-Scale-Digital-With-Measure-Tape-For-Check-Body-Shape-And-Workout-Equipment-On-A-Wooden-Floor.jpg\" \/>\n\t<meta property=\"og:image:width\" content=\"2000\" \/>\n\t<meta property=\"og:image:height\" content=\"1500\" \/>\n\t<meta property=\"og:image:type\" content=\"image\/jpeg\" \/>\n<meta name=\"author\" content=\"realloc\" \/>\n<meta name=\"twitter:card\" content=\"summary_large_image\" \/>\n<meta name=\"twitter:label1\" content=\"Verfasst von\" \/>\n\t<meta name=\"twitter:data1\" content=\"realloc\" \/>\n\t<meta name=\"twitter:label2\" content=\"Gesch\u00e4tzte Lesezeit\" \/>\n\t<meta name=\"twitter:data2\" content=\"4\u00a0Minuten\" \/>\n<script type=\"application\/ld+json\" class=\"yoast-schema-graph\">{\"@context\":\"https:\\\/\\\/schema.org\",\"@graph\":[{\"@type\":\"Article\",\"@id\":\"https:\\\/\\\/ploetner.fit\\\/de\\\/2019\\\/12\\\/05\\\/mit-sport-abnehmen-geht-das-ueberhaupt\\\/#article\",\"isPartOf\":{\"@id\":\"https:\\\/\\\/ploetner.fit\\\/de\\\/2019\\\/12\\\/05\\\/mit-sport-abnehmen-geht-das-ueberhaupt\\\/\"},\"author\":{\"name\":\"realloc\",\"@id\":\"https:\\\/\\\/ploetner.fit\\\/de\\\/#\\\/schema\\\/person\\\/571f8ada841cca782e8001b942e032c8\"},\"headline\":\"Mit Sport abnehmen &#8211; geht das \u00fcberhaupt?\",\"datePublished\":\"2019-12-05T07:58:22+00:00\",\"mainEntityOfPage\":{\"@id\":\"https:\\\/\\\/ploetner.fit\\\/de\\\/2019\\\/12\\\/05\\\/mit-sport-abnehmen-geht-das-ueberhaupt\\\/\"},\"wordCount\":700,\"publisher\":{\"@id\":\"https:\\\/\\\/ploetner.fit\\\/de\\\/#\\\/schema\\\/person\\\/571f8ada841cca782e8001b942e032c8\"},\"image\":{\"@id\":\"https:\\\/\\\/ploetner.fit\\\/de\\\/2019\\\/12\\\/05\\\/mit-sport-abnehmen-geht-das-ueberhaupt\\\/#primaryimage\"},\"thumbnailUrl\":\"https:\\\/\\\/ploetner.fit\\\/de\\\/wp-content\\\/uploads\\\/sites\\\/14\\\/sites\\\/15\\\/2019\\\/12\\\/Weight-Loss-And-Physical-Activity-Concept-From-Weight-Scale-Digital-With-Measure-Tape-For-Check-Body-Shape-And-Workout-Equipment-On-A-Wooden-Floor.jpg\",\"keywords\":[\"Abnehmen\",\"Erholung\",\"Ern\u00e4hrung\",\"Sport\"],\"articleSection\":[\"Fitlog\"],\"inLanguage\":\"de\"},{\"@type\":\"WebPage\",\"@id\":\"https:\\\/\\\/ploetner.fit\\\/de\\\/2019\\\/12\\\/05\\\/mit-sport-abnehmen-geht-das-ueberhaupt\\\/\",\"url\":\"https:\\\/\\\/ploetner.fit\\\/de\\\/2019\\\/12\\\/05\\\/mit-sport-abnehmen-geht-das-ueberhaupt\\\/\",\"name\":\"Mit Sport abnehmen - geht das \u00fcberhaupt? - Ploetner Fitness\",\"isPartOf\":{\"@id\":\"https:\\\/\\\/ploetner.fit\\\/de\\\/#website\"},\"primaryImageOfPage\":{\"@id\":\"https:\\\/\\\/ploetner.fit\\\/de\\\/2019\\\/12\\\/05\\\/mit-sport-abnehmen-geht-das-ueberhaupt\\\/#primaryimage\"},\"image\":{\"@id\":\"https:\\\/\\\/ploetner.fit\\\/de\\\/2019\\\/12\\\/05\\\/mit-sport-abnehmen-geht-das-ueberhaupt\\\/#primaryimage\"},\"thumbnailUrl\":\"https:\\\/\\\/ploetner.fit\\\/de\\\/wp-content\\\/uploads\\\/sites\\\/14\\\/sites\\\/15\\\/2019\\\/12\\\/Weight-Loss-And-Physical-Activity-Concept-From-Weight-Scale-Digital-With-Measure-Tape-For-Check-Body-Shape-And-Workout-Equipment-On-A-Wooden-Floor.jpg\",\"datePublished\":\"2019-12-05T07:58:22+00:00\",\"description\":\"\\\"Ich esse weniger als fr\u00fcher, nehme aber trotzdem weiterhin zu!\\\". Kurz vor den guten Vors\u00e4tzen f\u00fcr das neue Jahr: Kann man mit Sport \u00fcberhaupt abnehmen?\",\"breadcrumb\":{\"@id\":\"https:\\\/\\\/ploetner.fit\\\/de\\\/2019\\\/12\\\/05\\\/mit-sport-abnehmen-geht-das-ueberhaupt\\\/#breadcrumb\"},\"inLanguage\":\"de\",\"potentialAction\":[{\"@type\":\"ReadAction\",\"target\":[\"https:\\\/\\\/ploetner.fit\\\/de\\\/2019\\\/12\\\/05\\\/mit-sport-abnehmen-geht-das-ueberhaupt\\\/\"]}]},{\"@type\":\"ImageObject\",\"inLanguage\":\"de\",\"@id\":\"https:\\\/\\\/ploetner.fit\\\/de\\\/2019\\\/12\\\/05\\\/mit-sport-abnehmen-geht-das-ueberhaupt\\\/#primaryimage\",\"url\":\"https:\\\/\\\/ploetner.fit\\\/de\\\/wp-content\\\/uploads\\\/sites\\\/14\\\/sites\\\/15\\\/2019\\\/12\\\/Weight-Loss-And-Physical-Activity-Concept-From-Weight-Scale-Digital-With-Measure-Tape-For-Check-Body-Shape-And-Workout-Equipment-On-A-Wooden-Floor.jpg\",\"contentUrl\":\"https:\\\/\\\/ploetner.fit\\\/de\\\/wp-content\\\/uploads\\\/sites\\\/14\\\/sites\\\/15\\\/2019\\\/12\\\/Weight-Loss-And-Physical-Activity-Concept-From-Weight-Scale-Digital-With-Measure-Tape-For-Check-Body-Shape-And-Workout-Equipment-On-A-Wooden-Floor.jpg\",\"width\":2000,\"height\":1500,\"caption\":\"\u00a9 PixelRockstar.com\"},{\"@type\":\"BreadcrumbList\",\"@id\":\"https:\\\/\\\/ploetner.fit\\\/de\\\/2019\\\/12\\\/05\\\/mit-sport-abnehmen-geht-das-ueberhaupt\\\/#breadcrumb\",\"itemListElement\":[{\"@type\":\"ListItem\",\"position\":1,\"name\":\"Home\",\"item\":\"https:\\\/\\\/ploetner.fit\\\/de\\\/\"},{\"@type\":\"ListItem\",\"position\":2,\"name\":\"Mit Sport abnehmen &#8211; geht das \u00fcberhaupt?\"}]},{\"@type\":\"WebSite\",\"@id\":\"https:\\\/\\\/ploetner.fit\\\/de\\\/#website\",\"url\":\"https:\\\/\\\/ploetner.fit\\\/de\\\/\",\"name\":\"Ploetner Fitness\",\"description\":\"Personal Training\",\"publisher\":{\"@id\":\"https:\\\/\\\/ploetner.fit\\\/de\\\/#\\\/schema\\\/person\\\/571f8ada841cca782e8001b942e032c8\"},\"potentialAction\":[{\"@type\":\"SearchAction\",\"target\":{\"@type\":\"EntryPoint\",\"urlTemplate\":\"https:\\\/\\\/ploetner.fit\\\/de\\\/?s={search_term_string}\"},\"query-input\":{\"@type\":\"PropertyValueSpecification\",\"valueRequired\":true,\"valueName\":\"search_term_string\"}}],\"inLanguage\":\"de\"},{\"@type\":[\"Person\",\"Organization\"],\"@id\":\"https:\\\/\\\/ploetner.fit\\\/de\\\/#\\\/schema\\\/person\\\/571f8ada841cca782e8001b942e032c8\",\"name\":\"realloc\",\"image\":{\"@type\":\"ImageObject\",\"inLanguage\":\"de\",\"@id\":\"https:\\\/\\\/ploetner.fit\\\/de\\\/wp-content\\\/uploads\\\/sites\\\/14\\\/sites\\\/15\\\/2021\\\/02\\\/cropped-AVATAR-2-e1613154266537.png\",\"url\":\"https:\\\/\\\/ploetner.fit\\\/de\\\/wp-content\\\/uploads\\\/sites\\\/14\\\/sites\\\/15\\\/2021\\\/02\\\/cropped-AVATAR-2-e1613154266537.png\",\"contentUrl\":\"https:\\\/\\\/ploetner.fit\\\/de\\\/wp-content\\\/uploads\\\/sites\\\/14\\\/sites\\\/15\\\/2021\\\/02\\\/cropped-AVATAR-2-e1613154266537.png\",\"width\":512,\"height\":512,\"caption\":\"realloc\"},\"logo\":{\"@id\":\"https:\\\/\\\/ploetner.fit\\\/de\\\/wp-content\\\/uploads\\\/sites\\\/14\\\/sites\\\/15\\\/2021\\\/02\\\/cropped-AVATAR-2-e1613154266537.png\"},\"description\":\"Software Developer &amp; WordPress Enthusiast | Born in Germany. Reborn in Italy.\",\"sameAs\":[\"https:\\\/\\\/ploetner.io\\\/\"],\"url\":\"https:\\\/\\\/ploetner.fit\\\/de\\\/author\\\/realloc\\\/\"}]}<\/script>\n<!-- \/ Yoast SEO plugin. -->","yoast_head_json":{"title":"Mit Sport abnehmen - geht das \u00fcberhaupt? - Ploetner Fitness","description":"\"Ich esse weniger als fr\u00fcher, nehme aber trotzdem weiterhin zu!\". Kurz vor den guten Vors\u00e4tzen f\u00fcr das neue Jahr: Kann man mit Sport \u00fcberhaupt abnehmen?","robots":{"index":"index","follow":"follow","max-snippet":"max-snippet:-1","max-image-preview":"max-image-preview:large","max-video-preview":"max-video-preview:-1"},"canonical":"https:\/\/ploetner.fit\/de\/2019\/12\/05\/mit-sport-abnehmen-geht-das-ueberhaupt\/","og_locale":"de_DE","og_type":"article","og_title":"Mit Sport abnehmen - geht das \u00fcberhaupt? - Ploetner Fitness","og_description":"\"Ich esse weniger als fr\u00fcher, nehme aber trotzdem weiterhin zu!\". Kurz vor den guten Vors\u00e4tzen f\u00fcr das neue Jahr: Kann man mit Sport \u00fcberhaupt abnehmen?","og_url":"https:\/\/ploetner.fit\/de\/2019\/12\/05\/mit-sport-abnehmen-geht-das-ueberhaupt\/","og_site_name":"Ploetner Fitness","article_published_time":"2019-12-05T07:58:22+00:00","og_image":[{"width":2000,"height":1500,"url":"https:\/\/ploetner.fit\/de\/wp-content\/uploads\/sites\/14\/sites\/15\/2019\/12\/Weight-Loss-And-Physical-Activity-Concept-From-Weight-Scale-Digital-With-Measure-Tape-For-Check-Body-Shape-And-Workout-Equipment-On-A-Wooden-Floor.jpg","type":"image\/jpeg"}],"author":"realloc","twitter_card":"summary_large_image","twitter_misc":{"Verfasst von":"realloc","Gesch\u00e4tzte Lesezeit":"4\u00a0Minuten"},"schema":{"@context":"https:\/\/schema.org","@graph":[{"@type":"Article","@id":"https:\/\/ploetner.fit\/de\/2019\/12\/05\/mit-sport-abnehmen-geht-das-ueberhaupt\/#article","isPartOf":{"@id":"https:\/\/ploetner.fit\/de\/2019\/12\/05\/mit-sport-abnehmen-geht-das-ueberhaupt\/"},"author":{"name":"realloc","@id":"https:\/\/ploetner.fit\/de\/#\/schema\/person\/571f8ada841cca782e8001b942e032c8"},"headline":"Mit Sport abnehmen &#8211; geht das \u00fcberhaupt?","datePublished":"2019-12-05T07:58:22+00:00","mainEntityOfPage":{"@id":"https:\/\/ploetner.fit\/de\/2019\/12\/05\/mit-sport-abnehmen-geht-das-ueberhaupt\/"},"wordCount":700,"publisher":{"@id":"https:\/\/ploetner.fit\/de\/#\/schema\/person\/571f8ada841cca782e8001b942e032c8"},"image":{"@id":"https:\/\/ploetner.fit\/de\/2019\/12\/05\/mit-sport-abnehmen-geht-das-ueberhaupt\/#primaryimage"},"thumbnailUrl":"https:\/\/ploetner.fit\/de\/wp-content\/uploads\/sites\/14\/sites\/15\/2019\/12\/Weight-Loss-And-Physical-Activity-Concept-From-Weight-Scale-Digital-With-Measure-Tape-For-Check-Body-Shape-And-Workout-Equipment-On-A-Wooden-Floor.jpg","keywords":["Abnehmen","Erholung","Ern\u00e4hrung","Sport"],"articleSection":["Fitlog"],"inLanguage":"de"},{"@type":"WebPage","@id":"https:\/\/ploetner.fit\/de\/2019\/12\/05\/mit-sport-abnehmen-geht-das-ueberhaupt\/","url":"https:\/\/ploetner.fit\/de\/2019\/12\/05\/mit-sport-abnehmen-geht-das-ueberhaupt\/","name":"Mit Sport abnehmen - geht das \u00fcberhaupt? - Ploetner Fitness","isPartOf":{"@id":"https:\/\/ploetner.fit\/de\/#website"},"primaryImageOfPage":{"@id":"https:\/\/ploetner.fit\/de\/2019\/12\/05\/mit-sport-abnehmen-geht-das-ueberhaupt\/#primaryimage"},"image":{"@id":"https:\/\/ploetner.fit\/de\/2019\/12\/05\/mit-sport-abnehmen-geht-das-ueberhaupt\/#primaryimage"},"thumbnailUrl":"https:\/\/ploetner.fit\/de\/wp-content\/uploads\/sites\/14\/sites\/15\/2019\/12\/Weight-Loss-And-Physical-Activity-Concept-From-Weight-Scale-Digital-With-Measure-Tape-For-Check-Body-Shape-And-Workout-Equipment-On-A-Wooden-Floor.jpg","datePublished":"2019-12-05T07:58:22+00:00","description":"\"Ich esse weniger als fr\u00fcher, nehme aber trotzdem weiterhin zu!\". Kurz vor den guten Vors\u00e4tzen f\u00fcr das neue Jahr: Kann man mit Sport \u00fcberhaupt abnehmen?","breadcrumb":{"@id":"https:\/\/ploetner.fit\/de\/2019\/12\/05\/mit-sport-abnehmen-geht-das-ueberhaupt\/#breadcrumb"},"inLanguage":"de","potentialAction":[{"@type":"ReadAction","target":["https:\/\/ploetner.fit\/de\/2019\/12\/05\/mit-sport-abnehmen-geht-das-ueberhaupt\/"]}]},{"@type":"ImageObject","inLanguage":"de","@id":"https:\/\/ploetner.fit\/de\/2019\/12\/05\/mit-sport-abnehmen-geht-das-ueberhaupt\/#primaryimage","url":"https:\/\/ploetner.fit\/de\/wp-content\/uploads\/sites\/14\/sites\/15\/2019\/12\/Weight-Loss-And-Physical-Activity-Concept-From-Weight-Scale-Digital-With-Measure-Tape-For-Check-Body-Shape-And-Workout-Equipment-On-A-Wooden-Floor.jpg","contentUrl":"https:\/\/ploetner.fit\/de\/wp-content\/uploads\/sites\/14\/sites\/15\/2019\/12\/Weight-Loss-And-Physical-Activity-Concept-From-Weight-Scale-Digital-With-Measure-Tape-For-Check-Body-Shape-And-Workout-Equipment-On-A-Wooden-Floor.jpg","width":2000,"height":1500,"caption":"\u00a9 PixelRockstar.com"},{"@type":"BreadcrumbList","@id":"https:\/\/ploetner.fit\/de\/2019\/12\/05\/mit-sport-abnehmen-geht-das-ueberhaupt\/#breadcrumb","itemListElement":[{"@type":"ListItem","position":1,"name":"Home","item":"https:\/\/ploetner.fit\/de\/"},{"@type":"ListItem","position":2,"name":"Mit Sport abnehmen &#8211; geht das \u00fcberhaupt?"}]},{"@type":"WebSite","@id":"https:\/\/ploetner.fit\/de\/#website","url":"https:\/\/ploetner.fit\/de\/","name":"Ploetner Fitness","description":"Personal Training","publisher":{"@id":"https:\/\/ploetner.fit\/de\/#\/schema\/person\/571f8ada841cca782e8001b942e032c8"},"potentialAction":[{"@type":"SearchAction","target":{"@type":"EntryPoint","urlTemplate":"https:\/\/ploetner.fit\/de\/?s={search_term_string}"},"query-input":{"@type":"PropertyValueSpecification","valueRequired":true,"valueName":"search_term_string"}}],"inLanguage":"de"},{"@type":["Person","Organization"],"@id":"https:\/\/ploetner.fit\/de\/#\/schema\/person\/571f8ada841cca782e8001b942e032c8","name":"realloc","image":{"@type":"ImageObject","inLanguage":"de","@id":"https:\/\/ploetner.fit\/de\/wp-content\/uploads\/sites\/14\/sites\/15\/2021\/02\/cropped-AVATAR-2-e1613154266537.png","url":"https:\/\/ploetner.fit\/de\/wp-content\/uploads\/sites\/14\/sites\/15\/2021\/02\/cropped-AVATAR-2-e1613154266537.png","contentUrl":"https:\/\/ploetner.fit\/de\/wp-content\/uploads\/sites\/14\/sites\/15\/2021\/02\/cropped-AVATAR-2-e1613154266537.png","width":512,"height":512,"caption":"realloc"},"logo":{"@id":"https:\/\/ploetner.fit\/de\/wp-content\/uploads\/sites\/14\/sites\/15\/2021\/02\/cropped-AVATAR-2-e1613154266537.png"},"description":"Software Developer &amp; WordPress Enthusiast | Born in Germany. Reborn in Italy.","sameAs":["https:\/\/ploetner.io\/"],"url":"https:\/\/ploetner.fit\/de\/author\/realloc\/"}]}},"jetpack_featured_media_url":"https:\/\/ploetner.fit\/de\/wp-content\/uploads\/sites\/14\/sites\/15\/2019\/12\/Weight-Loss-And-Physical-Activity-Concept-From-Weight-Scale-Digital-With-Measure-Tape-For-Check-Body-Shape-And-Workout-Equipment-On-A-Wooden-Floor.jpg","_links":{"self":[{"href":"https:\/\/ploetner.fit\/de\/wp-json\/wp\/v2\/posts\/1810","targetHints":{"allow":["GET"]}}],"collection":[{"href":"https:\/\/ploetner.fit\/de\/wp-json\/wp\/v2\/posts"}],"about":[{"href":"https:\/\/ploetner.fit\/de\/wp-json\/wp\/v2\/types\/post"}],"author":[{"embeddable":true,"href":"https:\/\/ploetner.fit\/de\/wp-json\/wp\/v2\/users\/2"}],"replies":[{"embeddable":true,"href":"https:\/\/ploetner.fit\/de\/wp-json\/wp\/v2\/comments?post=1810"}],"version-history":[{"count":0,"href":"https:\/\/ploetner.fit\/de\/wp-json\/wp\/v2\/posts\/1810\/revisions"}],"wp:featuredmedia":[{"embeddable":true,"href":"https:\/\/ploetner.fit\/de\/wp-json\/wp\/v2\/media\/1825"}],"wp:attachment":[{"href":"https:\/\/ploetner.fit\/de\/wp-json\/wp\/v2\/media?parent=1810"}],"wp:term":[{"taxonomy":"category","embeddable":true,"href":"https:\/\/ploetner.fit\/de\/wp-json\/wp\/v2\/categories?post=1810"},{"taxonomy":"post_tag","embeddable":true,"href":"https:\/\/ploetner.fit\/de\/wp-json\/wp\/v2\/tags?post=1810"}],"curies":[{"name":"wp","href":"https:\/\/api.w.org\/{rel}","templated":true}]}}